{"id":12822,"date":"2019-04-04T10:51:24","date_gmt":"2019-04-04T10:51:24","guid":{"rendered":"http:\/\/anistiapolitica.org.br\/abap3\/?p=12822"},"modified":"2019-04-04T10:51:24","modified_gmt":"2019-04-04T10:51:24","slug":"52-anos-da-captura-dos-guerrilheiros-do-caparao","status":"publish","type":"post","link":"http:\/\/anistiapolitica.org.br\/abap3\/2019\/04\/04\/52-anos-da-captura-dos-guerrilheiros-do-caparao\/","title":{"rendered":"52 anos da captura dos Guerrilheiros do Capara\u00f3"},"content":{"rendered":"<p style=\"text-align: justify;\">A quarta-feira marca uma data significativa\u00a0na Hist\u00f3ria da regi\u00e3o do Capara\u00f3. H\u00e1\u00a0 52 anos (03\/04\/1967), policiais do 11\u00ba BPM capturavam os \u00faltimos oito guerrilheiros que se encontravam na Serra do Capara\u00f3.<\/p>\n<p style=\"text-align: justify;\">Ao todo vieram quatorze para a regi\u00e3o. Eles integravam o MNR (Movimento Nacional Revolucion\u00e1rio), que era\u00a0 apoiado por Leonel Brizola e Fidel Castro.<\/p>\n<p style=\"text-align: justify;\">Conforme livro e filme document\u00e1rio, era inten\u00e7\u00e3o dos mesmos instalar na Serra do Capara\u00f3 um QG,tal qual ocorreu na Sierra Maestra.<\/p>\n<p style=\"text-align: justify;\">Consideravam estrat\u00e9gica a posi\u00e7\u00e3o do Capara\u00f3, por sua proximidade com as capitais Belo Horizonte, Rio de Janeiro, S\u00e3o Paulo e Vit\u00f3ria, com a vantagem de a ferrovia passar por aqui.<\/p>\n<p style=\"text-align: justify;\">A ideia era, ap\u00f3s praticar os atos de guerrilha nestas cidades, retornar escondidos no trem, at\u00e9 chegar em Capar\u00e1o, onde se refugiariam e planejariam novas a\u00e7\u00f5es.<\/p>\n<p style=\"text-align: justify;\">Chegaram por aqui no final de 1966.<\/p>\n<p style=\"text-align: justify;\">Compravam mantimentos \u00e0 vista nas mercearias de Alto Capara\u00f3 e praticavam assaltos \u00e0 ag\u00eancia do Banco do Brasil em Espera Feliz. Alegaram que o dinheiro era para a causa.<\/p>\n<p style=\"text-align: justify;\">No entanto, ao contr\u00e1rio do ocorrido em Cuba, a popula\u00e7\u00e3o local (Alto Capara\u00f3 e Capara\u00f3) n\u00e3o aderiu, e, em sua grande maioria, nem compreendia a presen\u00e7a daquelas pessoas estranhas circulando a regi\u00e3o.<\/p>\n<p style=\"text-align: justify;\">De acordo com tese de Mestrado publicada por Professor Pl\u00ednio em revista de circula\u00e7\u00e3o nacional, em pesquisa realizada nos anos 2000, junto aos moradores mais antigos, constatou-se que a maioria achava que os guerrilheiros eram simplesmente bandidos, ladr\u00f5es de gado ou at\u00e9 mesmo &#8216;pessoas que se transformavam em lobisomens&#8217;, em raz\u00e3o do h\u00e1bito de os mesmos subirem rumo ao pico, diariamente, no come\u00e7o do anoitecer, e s\u00f3 retornarem no dia seguinte.<\/p>\n<p style=\"text-align: justify;\">Capturados, vieram para o antigo batalh\u00e3o, no B. Engenho da Serra.<\/p>\n<p style=\"text-align: justify;\">Com suspeita de que alguns poderiam estar com pneumonia, o comandante da \u00e9poca solicitou o comparecimento do M\u00e9dico Dr. Michel Hannas para avaliar as condi\u00e7\u00f5es dos presos (momento em que a foto foi registrada).<\/p>\n<p style=\"text-align: justify;\">Em seguida, eles foram conduzidos para o pres\u00eddio de Juiz de Fora.<\/p>\n<p style=\"text-align: justify;\">\n<p style=\"text-align: justify;\"><strong>Fonte &#8211; <a href=\"https:\/\/www.portalcaparao.com.br\/noticias\/visualizar\/29941\/52-anos-da-captura-dos-guerrilheiros-do-caparao\" target=\"_blank\">Portal Capara\u00f3<\/a><\/strong><\/p>\n","protected":false},"excerpt":{"rendered":"<p>A quarta-feira marca uma data significativa\u00a0na Hist\u00f3ria da regi\u00e3o do Capara\u00f3. H\u00e1\u00a0 52 anos (03\/04\/1967), policiais do 11\u00ba BPM capturavam os \u00faltimos oito guerrilheiros que se encontravam na Serra do Capara\u00f3. Ao todo vieram quatorze para a regi\u00e3o. Eles integravam o MNR (Movimento Nacional Revolucion\u00e1rio), que era\u00a0 apoiado por Leonel Brizola e Fidel Castro. Conforme [&hellip;]<\/p>\n","protected":false},"author":1,"featured_media":12823,"comment_status":"closed","ping_status":"closed","sticky":false,"template":"","format":"standard","meta":{"footnotes":""},"categories":[1],"tags":[],"_links":{"self":[{"href":"http:\/\/anistiapolitica.org.br\/abap3\/wp-json\/wp\/v2\/posts\/12822"}],"collection":[{"href":"http:\/\/anistiapolitica.org.br\/abap3\/wp-json\/wp\/v2\/posts"}],"about":[{"href":"http:\/\/anistiapolitica.org.br\/abap3\/wp-json\/wp\/v2\/types\/post"}],"author":[{"embeddable":true,"href":"http:\/\/anistiapolitica.org.br\/abap3\/wp-json\/wp\/v2\/users\/1"}],"replies":[{"embeddable":true,"href":"http:\/\/anistiapolitica.org.br\/abap3\/wp-json\/wp\/v2\/comments?post=12822"}],"version-history":[{"count":1,"href":"http:\/\/anistiapolitica.org.br\/abap3\/wp-json\/wp\/v2\/posts\/12822\/revisions"}],"predecessor-version":[{"id":12824,"href":"http:\/\/anistiapolitica.org.br\/abap3\/wp-json\/wp\/v2\/posts\/12822\/revisions\/12824"}],"wp:featuredmedia":[{"embeddable":true,"href":"http:\/\/anistiapolitica.org.br\/abap3\/wp-json\/wp\/v2\/media\/12823"}],"wp:attachment":[{"href":"http:\/\/anistiapolitica.org.br\/abap3\/wp-json\/wp\/v2\/media?parent=12822"}],"wp:term":[{"taxonomy":"category","embeddable":true,"href":"http:\/\/anistiapolitica.org.br\/abap3\/wp-json\/wp\/v2\/categories?post=12822"},{"taxonomy":"post_tag","embeddable":true,"href":"http:\/\/anistiapolitica.org.br\/abap3\/wp-json\/wp\/v2\/tags?post=12822"}],"curies":[{"name":"wp","href":"https:\/\/api.w.org\/{rel}","templated":true}]}}