{"id":13103,"date":"2019-08-08T10:56:07","date_gmt":"2019-08-08T10:56:07","guid":{"rendered":"http:\/\/anistiapolitica.org.br\/abap3\/?p=13103"},"modified":"2019-08-08T10:56:07","modified_gmt":"2019-08-08T10:56:07","slug":"comissao-lembra-historia-de-filhos-de-militantes-contrarios-a-ditadura-sequestrados","status":"publish","type":"post","link":"http:\/\/anistiapolitica.org.br\/abap3\/2019\/08\/08\/comissao-lembra-historia-de-filhos-de-militantes-contrarios-a-ditadura-sequestrados\/","title":{"rendered":"Comiss\u00e3o lembra hist\u00f3ria de filhos de militantes contr\u00e1rios \u00e0 ditadura sequestrados"},"content":{"rendered":"<pre>Publicado originalmente em\u00a006\/08\/2019 - 21:22<\/pre>\n<h3 style=\"text-align: justify;\">Autor de livro sobre o tema, o jornalista Eduardo Reina falou \u00e0 Comiss\u00e3o de Direitos Humanos da C\u00e2mara<\/h3>\n<p style=\"text-align: justify;\">\n<p style=\"text-align: justify;\">A hist\u00f3ria dos beb\u00eas, filhos de militantes contr\u00e1rios ao governo militar, que foram retirados de seus pais e m\u00e3es e entregues para ser adotados por outras fam\u00edlias foi relembrada em audi\u00eancia p\u00fablica da Comiss\u00e3o de Direitos Humanos da C\u00e2mara nesta ter\u00e7a-feira (6).<\/p>\n<div id=\"attachment_13104\" style=\"width: 778px\" class=\"wp-caption alignnone\"><a href=\"http:\/\/anistiapolitica.org.br\/abap3\/wp-content\/uploads\/2019\/08\/ABAP-9.jpg\" rel=\"attachment wp-att-13104\"><img loading=\"lazy\" decoding=\"async\" aria-describedby=\"caption-attachment-13104\" class=\"size-full wp-image-13104\" src=\"http:\/\/anistiapolitica.org.br\/abap3\/wp-content\/uploads\/2019\/08\/ABAP-9.jpg\" alt=\"Eduardo Reina \u00e9 autor de &quot;Cativeiro sem Fim&quot;\" width=\"768\" height=\"512\" \/><\/a><p id=\"caption-attachment-13104\" class=\"wp-caption-text\">Eduardo Reina \u00e9 autor de &#8220;Cativeiro sem Fim&#8221;<\/p><\/div>\n<p style=\"text-align: justify;\">O jornalista Eduardo Reina escreveu um livro sobre um assunto, que at\u00e9 agora era mais conhecido nos casos das ditaduras militares de pa\u00edses vizinhos, especialmente a Argentina e Chile. Reina localizou e entrevistou 19 filhos de desaparecidos pol\u00edticos brasileiros e que foram entregues para serem adotados por outras fam\u00edlias.<\/p>\n<p style=\"text-align: justify;\">O t\u00edtulo do livro \u00e9 Cativeiro sem Fim, porque alguns n\u00e3o descobriram at\u00e9 hoje quem s\u00e3o os verdadeiros pais e os que conseguiram ainda tentam reconstruir suas vidas, conforme ele relatou \u00e0 Comiss\u00e3o de Direitos Humanos e Minorias.<\/p>\n<p style=\"text-align: justify;\">Eduardo Reina destacou a import\u00e2ncia do tema para que o cidad\u00e3o brasileiro tenha conhecimento do que aconteceu na hist\u00f3ria recente do Pa\u00eds para que isso n\u00e3o mais se repita. \u201cEssas v\u00edtimas, 19 v\u00edtimas de sequestro, n\u00e3o sabem quem elas s\u00e3o, n\u00e3o t\u00eam identidade, n\u00e3o sabem quem s\u00e3o os pais, foram ocultadas e invisibilizadas\u201d.<\/p>\n<p style=\"text-align: justify;\">Para a procuradora regional da Rep\u00fablica Eug\u00eania Augusta Gonzaga, ex-presidente da Comiss\u00e3o sobre Mortos e Desaparecidos, o livro de Eduardo Reina d\u00e1 visibilidade aos fatos praticados na ditadura. \u201cFatos terr\u00edveis que mostram que a ditadura brasileira foi sim muito violenta\u201d, afirmou.<\/p>\n<div id=\"attachment_13105\" style=\"width: 778px\" class=\"wp-caption alignnone\"><a href=\"http:\/\/anistiapolitica.org.br\/abap3\/wp-content\/uploads\/2019\/08\/ABAP-10.jpg\" rel=\"attachment wp-att-13105\"><img loading=\"lazy\" decoding=\"async\" aria-describedby=\"caption-attachment-13105\" class=\"size-full wp-image-13105\" src=\"http:\/\/anistiapolitica.org.br\/abap3\/wp-content\/uploads\/2019\/08\/ABAP-10.jpg\" alt=\"Helder Salom\u00e3o considerou a contribui\u00e7\u00e3o de Eduardo Reina essencial\" width=\"768\" height=\"512\" \/><\/a><p id=\"caption-attachment-13105\" class=\"wp-caption-text\">Helder Salom\u00e3o considerou a contribui\u00e7\u00e3o de Eduardo Reina essencial<\/p><\/div>\n<p style=\"text-align: justify;\">\n<p style=\"text-align: justify;\">O presidente da comiss\u00e3o, deputado\u00a0Helder Salom\u00e3o (PT-ES), considerou a contribui\u00e7\u00e3o de Eduardo Reina essencial para a atual reflex\u00e3o sobre o problema. \u201cPorque muitas d\u00favidas ainda pairam,\u00a0 muitas situa\u00e7\u00f5es n\u00e3o foram elucidadas e as fam\u00edlias ainda sofrem a dor da perda dos seus entes queridos\u201d.<\/p>\n<p style=\"text-align: justify;\">\n<dl>\n<dt><strong>FONTE &#8211; <a href=\"https:\/\/www.camara.leg.br\/noticias\/567052-comissao-lembra-historia-de-filhos-de-militantes-contrarios-a-ditadura-sequestrados\/\" target=\"_blank\">C\u00c2MARA DOS DEPUTADOS &#8211; Reportagem &#8211; Dourivan Lima | Edi\u00e7\u00e3o &#8211; Ge\u00f3rgia Moraes<\/a><\/strong><\/dt>\n<\/dl>\n","protected":false},"excerpt":{"rendered":"<p>Publicado originalmente em\u00a006\/08\/2019 &#8211; 21:22 Autor de livro sobre o tema, o jornalista Eduardo Reina falou \u00e0 Comiss\u00e3o de Direitos Humanos da C\u00e2mara A hist\u00f3ria dos beb\u00eas, filhos de militantes contr\u00e1rios ao governo militar, que foram retirados de seus pais e m\u00e3es e entregues para ser adotados por outras fam\u00edlias foi relembrada em audi\u00eancia p\u00fablica [&hellip;]<\/p>\n","protected":false},"author":1,"featured_media":0,"comment_status":"closed","ping_status":"closed","sticky":false,"template":"","format":"standard","meta":{"footnotes":""},"categories":[1],"tags":[],"_links":{"self":[{"href":"http:\/\/anistiapolitica.org.br\/abap3\/wp-json\/wp\/v2\/posts\/13103"}],"collection":[{"href":"http:\/\/anistiapolitica.org.br\/abap3\/wp-json\/wp\/v2\/posts"}],"about":[{"href":"http:\/\/anistiapolitica.org.br\/abap3\/wp-json\/wp\/v2\/types\/post"}],"author":[{"embeddable":true,"href":"http:\/\/anistiapolitica.org.br\/abap3\/wp-json\/wp\/v2\/users\/1"}],"replies":[{"embeddable":true,"href":"http:\/\/anistiapolitica.org.br\/abap3\/wp-json\/wp\/v2\/comments?post=13103"}],"version-history":[{"count":1,"href":"http:\/\/anistiapolitica.org.br\/abap3\/wp-json\/wp\/v2\/posts\/13103\/revisions"}],"predecessor-version":[{"id":13106,"href":"http:\/\/anistiapolitica.org.br\/abap3\/wp-json\/wp\/v2\/posts\/13103\/revisions\/13106"}],"wp:attachment":[{"href":"http:\/\/anistiapolitica.org.br\/abap3\/wp-json\/wp\/v2\/media?parent=13103"}],"wp:term":[{"taxonomy":"category","embeddable":true,"href":"http:\/\/anistiapolitica.org.br\/abap3\/wp-json\/wp\/v2\/categories?post=13103"},{"taxonomy":"post_tag","embeddable":true,"href":"http:\/\/anistiapolitica.org.br\/abap3\/wp-json\/wp\/v2\/tags?post=13103"}],"curies":[{"name":"wp","href":"https:\/\/api.w.org\/{rel}","templated":true}]}}