{"id":14035,"date":"2025-12-18T16:53:16","date_gmt":"2025-12-18T16:53:16","guid":{"rendered":"http:\/\/anistiapolitica.org.br\/abap3\/?p=14035"},"modified":"2025-12-18T23:03:24","modified_gmt":"2025-12-18T23:03:24","slug":"informativo-abap-dezembro-2025","status":"publish","type":"post","link":"https:\/\/anistiapolitica.org.br\/abap3\/2025\/12\/18\/informativo-abap-dezembro-2025\/","title":{"rendered":"INFORMATIVO ABAP-DEZEMBRO\/2025"},"content":{"rendered":"<p style=\"text-align: justify;\"><img loading=\"lazy\" decoding=\"async\" class=\"wp-image-14038 size-large aligncenter\" src=\"http:\/\/anistiapolitica.org.br\/abap3\/wp-content\/uploads\/2025\/12\/INFORMATIVO-DEZEMBRO-2025-768x1024.png\" alt=\"\" width=\"720\" height=\"960\" srcset=\"https:\/\/anistiapolitica.org.br\/abap3\/wp-content\/uploads\/2025\/12\/INFORMATIVO-DEZEMBRO-2025-768x1024.png 768w, https:\/\/anistiapolitica.org.br\/abap3\/wp-content\/uploads\/2025\/12\/INFORMATIVO-DEZEMBRO-2025-225x300.png 225w, https:\/\/anistiapolitica.org.br\/abap3\/wp-content\/uploads\/2025\/12\/INFORMATIVO-DEZEMBRO-2025-1152x1536.png 1152w, https:\/\/anistiapolitica.org.br\/abap3\/wp-content\/uploads\/2025\/12\/INFORMATIVO-DEZEMBRO-2025.png 1500w\" sizes=\"(max-width: 720px) 100vw, 720px\" \/><\/p>\n<p style=\"text-align: justify;\">Chega o final do ano de 2025, um ano marcado por muita instabilidade no Brasil e no mundo, e infelizmente ainda convivemos com duas terr\u00edveis guerras n\u00e3o acabadas.<\/p>\n<p style=\"text-align: justify;\">Desde o in\u00edcio do mandato do Presidente Lula, a Comiss\u00e3o de Anistia inicialmente teve que concentrar esfor\u00e7os em sua pr\u00f3pria reconstru\u00e7\u00e3o, bem como procurando desfazer as mazelas produzidas pela gest\u00e3o anterior. Reconhecemos os esfor\u00e7os da atual gest\u00e3o, da atual presid\u00eancia da comiss\u00e3o nacional de Anista, que totalmente diferente do governo anterior que sequer reconhecia que houve uma ditadura no Brasil e homenageava torturadores! Todavia, isso n\u00e3o significa deixar de apontar os problemas, pois muitas dificuldades continuam, como o contingenciamento de recursos, falta de funcion\u00e1rios suficientes para atuarem na comiss\u00e3o de anistia, causando o sobrecarregamento dos atuais ; necessidade de mais julgamentos mensais; quest\u00f5es burocr\u00e1ticas que ainda restringem e dificultam o acesso nos atendimentos e a necessidade de uma interpreta\u00e7\u00e3o mais ampla da Lei 10.559\/02 na concess\u00e3o da anistia reflexa\/indireta aos familiares das v\u00edtimas da ditadura militar.<\/p>\n<p style=\"text-align: justify;\">Em 2025 mais uma vez caminhamos juntos na nossa luta VERDADE, JUSTI\u00c7A E REPARA\u00c7\u00c3O.<\/p>\n<p style=\"text-align: justify;\">Em 2026 teremos elei\u00e7\u00f5es, um ano de debates e oportunidades para que a democracia prevale\u00e7a, e com ela a efetiva\u00e7\u00e3o do direito de anistia defendido pela ABAP.<\/p>\n<blockquote>\n<p style=\"text-align: justify;\">&#8220;A maior parte do poder do autoritarismo&#8230; \u00e9 o esquecimento.&#8221;<br \/>\n(Timothy Snyder, historiador e autor).<\/p>\n<\/blockquote>\n<p style=\"text-align: justify;\">A ABAP e funcion\u00e1rios desejam<\/p>\n<p style=\"text-align: justify;\"><strong>UM FELIZ NATAL E<\/strong><br \/>\n<strong>UM ANO NOVO DE PAZ, RENOVA\u00c7\u00c3O E PROSPERIDADE PARA VOC\u00ca E SUA <\/strong><strong>FAM\u00cdLIA!<\/strong><\/p>\n<p>Baixe nosso informtivo clicando no link <a href=\"http:\/\/anistiapolitica.org.br\/abap3\/wp-content\/uploads\/2025\/12\/INFORMATIVO-DEZEMBRO-2025.pdf.pdf\">INFORMATIVO DEZEMBRO 2025.pdf<\/a><\/p>\n","protected":false},"excerpt":{"rendered":"<p>Chega o final do ano de 2025, um ano marcado por muita instabilidade no Brasil e no mundo, e infelizmente ainda convivemos com duas terr\u00edveis guerras n\u00e3o acabadas. Desde o in\u00edcio do mandato do Presidente Lula, a Comiss\u00e3o de Anistia inicialmente teve que concentrar esfor\u00e7os em sua pr\u00f3pria reconstru\u00e7\u00e3o, bem como procurando desfazer as mazelas [&hellip;]<\/p>\n","protected":false},"author":1,"featured_media":14038,"comment_status":"closed","ping_status":"closed","sticky":false,"template":"","format":"standard","meta":{"footnotes":""},"categories":[1],"tags":[],"_links":{"self":[{"href":"https:\/\/anistiapolitica.org.br\/abap3\/wp-json\/wp\/v2\/posts\/14035"}],"collection":[{"href":"https:\/\/anistiapolitica.org.br\/abap3\/wp-json\/wp\/v2\/posts"}],"about":[{"href":"https:\/\/anistiapolitica.org.br\/abap3\/wp-json\/wp\/v2\/types\/post"}],"author":[{"embeddable":true,"href":"https:\/\/anistiapolitica.org.br\/abap3\/wp-json\/wp\/v2\/users\/1"}],"replies":[{"embeddable":true,"href":"https:\/\/anistiapolitica.org.br\/abap3\/wp-json\/wp\/v2\/comments?post=14035"}],"version-history":[{"count":2,"href":"https:\/\/anistiapolitica.org.br\/abap3\/wp-json\/wp\/v2\/posts\/14035\/revisions"}],"predecessor-version":[{"id":14040,"href":"https:\/\/anistiapolitica.org.br\/abap3\/wp-json\/wp\/v2\/posts\/14035\/revisions\/14040"}],"wp:featuredmedia":[{"embeddable":true,"href":"https:\/\/anistiapolitica.org.br\/abap3\/wp-json\/wp\/v2\/media\/14038"}],"wp:attachment":[{"href":"https:\/\/anistiapolitica.org.br\/abap3\/wp-json\/wp\/v2\/media?parent=14035"}],"wp:term":[{"taxonomy":"category","embeddable":true,"href":"https:\/\/anistiapolitica.org.br\/abap3\/wp-json\/wp\/v2\/categories?post=14035"},{"taxonomy":"post_tag","embeddable":true,"href":"https:\/\/anistiapolitica.org.br\/abap3\/wp-json\/wp\/v2\/tags?post=14035"}],"curies":[{"name":"wp","href":"https:\/\/api.w.org\/{rel}","templated":true}]}}